{"id":2962,"date":"2026-01-14T20:19:08","date_gmt":"2026-01-14T19:19:08","guid":{"rendered":"https:\/\/sarma-motorrad.com\/?p=2962"},"modified":"2026-04-23T17:59:31","modified_gmt":"2026-04-23T15:59:31","slug":"offerte-r-1300-gs-e-r-1300-gs-adventure","status":"publish","type":"post","link":"https:\/\/sarma-motorrad.com\/index.php\/2026\/01\/14\/offerte-r-1300-gs-e-r-1300-gs-adventure\/","title":{"rendered":"Offerte R 1300 GS e R 1300 GS Adventure"},"content":{"rendered":"\t\t<div data-elementor-type=\"wp-post\" data-elementor-id=\"2962\" class=\"elementor elementor-2962\" data-elementor-post-type=\"post\">\n\t\t\t\t<div class=\"elementor-element elementor-element-101c276 e-flex e-con-boxed e-con e-parent\" data-id=\"101c276\" data-element_type=\"container\">\n\t\t\t\t\t<div class=\"e-con-inner\">\n\t\t\t\t<div class=\"elementor-element elementor-element-967f214 elementor-widget elementor-widget-heading\" data-id=\"967f214\" data-element_type=\"widget\" data-widget_type=\"heading.default\">\n\t\t\t\t<div class=\"elementor-widget-container\">\n\t\t\t\t\t<h2 class=\"elementor-heading-title elementor-size-default\">Offerte R 1300 GS e R 1300 GS Adventure<\/h2>\t\t\t\t<\/div>\n\t\t\t\t<\/div>\n\t\t\t\t\t<\/div>\n\t\t\t\t<\/div>\n\t\t<div class=\"elementor-element elementor-element-d6ee6b5 e-flex e-con-boxed e-con e-parent\" data-id=\"d6ee6b5\" data-element_type=\"container\">\n\t\t\t\t\t<div class=\"e-con-inner\">\n\t\t<div class=\"elementor-element elementor-element-75e61d8 e-con-full e-flex e-con e-child\" data-id=\"75e61d8\" data-element_type=\"container\">\n\t\t\t\t<div class=\"elementor-element elementor-element-0fcc015 elementor-widget elementor-widget-text-editor\" data-id=\"0fcc015\" data-element_type=\"widget\" data-widget_type=\"text-editor.default\">\n\t\t\t\t<div class=\"elementor-widget-container\">\n\t\t\t\t\t\t\t\t\t<h3 class=\"mediacontent__copyContainer--headline desktop-teaser-headline headline3 active\">R 1300 GS con Valigie laterali Vario<\/h3><p>La\u00a0<strong>BMW R 1300 GS\u00a0<\/strong>interpreta il viaggio in modo completo e contemporaneo, con soluzioni pensate per accompagnare ogni esperienza su strada e fuori dall\u2019asfalto. Le\u00a0<strong>valigie laterali Vario\u00a0<\/strong>si inseriscono in questo equilibrio, offrendo una capacit\u00e0 modulabile che segue il ritmo del tuo viaggio, mantenendo pulizia delle linee, funzionalit\u00e0 e una perfetta armonia con la dinamica della moto.<\/p><p>Se acquisti una nuova\u00a0R 1300 GS\u00a0entro il 30\/06\/2026 hai le Valigie Vario laterali incluse nel prezzo.\u00a0<sup>1<\/sup><\/p>\t\t\t\t\t\t\t\t<\/div>\n\t\t\t\t<\/div>\n\t\t\t\t<div class=\"elementor-element elementor-element-96ab180 elementor-widget elementor-widget-text-editor\" data-id=\"96ab180\" data-element_type=\"widget\" data-widget_type=\"text-editor.default\">\n\t\t\t\t<div class=\"elementor-widget-container\">\n\t\t\t\t\t\t\t\t\t<section class=\"module accordion cm-accordion\"><div class=\"l-grid\"><div class=\"accordion\"><div class=\"accordion__listWrapper\"><div class=\"accordion__list\"><div class=\"accordion__content accordion__tabContent--active\" data-is-expand=\"false\"><div class=\"accordion__collapsing accordion__collapsing--active\" tabindex=\"0\" role=\"region\" aria-labelledby=\"e817d495-item-line\" aria-hidden=\"false\"><div class=\"accordion__inner accordion__inner--active\"><div class=\"accordion__contentCollection accordion__contentCollection--left\" data-mnm-media-type=\"copy\"><div class=\"accordion__copyWrapper accordion__copyWrapper--without-image\"><div class=\"accordion__copyWrapper--inner\"><div class=\"accordion__itemCopy\"><section class=\"module accordion cm-accordion\"><div class=\"l-grid\"><div class=\"accordion\"><div class=\"accordion__listWrapper\"><div class=\"accordion__list\"><div class=\"accordion__content accordion__tabContent--active\" data-is-expand=\"false\"><div class=\"accordion__collapsing accordion__collapsing--active\" tabindex=\"0\" role=\"region\" aria-labelledby=\"8adc72ac-item-line\" aria-hidden=\"false\"><div class=\"accordion__inner accordion__inner--active\"><div class=\"accordion__contentCollection accordion__contentCollection--left\" data-mnm-media-type=\"copy\"><div class=\"accordion__copyWrapper accordion__copyWrapper--without-image\"><div class=\"accordion__copyWrapper--inner\"><div class=\"accordion__itemCopy\"><p><sup>1<\/sup> Iniziativa valida dall\u201901\/01\/2026 al 30\/06\/2026 sull\u2019acquisto di una nuova\u00a0R 1300 GS\u00a0con contratto registrato entro il 30\/06\/2026. L&#8217;offerta comprende le Valigie Vario laterali, per un vantaggio cliente di 1.170 \u20ac IVA inclusa.<\/p><\/div><\/div><\/div><\/div><\/div><\/div><\/div><\/div><\/div><\/div><\/div><\/section><\/div><\/div><\/div><\/div><\/div><\/div><\/div><\/div><\/div><\/div><\/div><\/section>\t\t\t\t\t\t\t\t<\/div>\n\t\t\t\t<\/div>\n\t\t\t\t<\/div>\n\t\t<div class=\"elementor-element elementor-element-30cc42e e-con-full e-flex e-con e-child\" data-id=\"30cc42e\" data-element_type=\"container\">\n\t\t\t\t<div class=\"elementor-element elementor-element-fee8970 elementor-widget elementor-widget-image\" data-id=\"fee8970\" data-element_type=\"widget\" data-widget_type=\"image.default\">\n\t\t\t\t<div class=\"elementor-widget-container\">\n\t\t\t\t\t\t\t\t\t\t\t\t\t\t\t<img fetchpriority=\"high\" decoding=\"async\" width=\"548\" height=\"303\" src=\"https:\/\/sarma-motorrad.com\/wp-content\/uploads\/2026\/01\/Screenshot-2026-01-14-alle-20.18.25.png\" class=\"attachment-full size-full wp-image-2968\" alt=\"\" srcset=\"https:\/\/sarma-motorrad.com\/wp-content\/uploads\/2026\/01\/Screenshot-2026-01-14-alle-20.18.25.png 548w, https:\/\/sarma-motorrad.com\/wp-content\/uploads\/2026\/01\/Screenshot-2026-01-14-alle-20.18.25-300x166.png 300w\" sizes=\"(max-width: 548px) 100vw, 548px\" \/>\t\t\t\t\t\t\t\t\t\t\t\t\t\t\t<\/div>\n\t\t\t\t<\/div>\n\t\t\t\t<\/div>\n\t\t\t\t\t<\/div>\n\t\t\t\t<\/div>\n\t\t<div class=\"elementor-element elementor-element-faea6d1 e-flex e-con-boxed e-con e-parent\" data-id=\"faea6d1\" data-element_type=\"container\">\n\t\t\t\t\t<div class=\"e-con-inner\">\n\t\t<div class=\"elementor-element elementor-element-7ace9b2 e-con-full e-flex e-con e-child\" data-id=\"7ace9b2\" data-element_type=\"container\">\n\t\t\t\t<div class=\"elementor-element elementor-element-970f2e2 elementor-widget elementor-widget-text-editor\" data-id=\"970f2e2\" data-element_type=\"widget\" data-widget_type=\"text-editor.default\">\n\t\t\t\t<div class=\"elementor-widget-container\">\n\t\t\t\t\t\t\t\t\t<h3 class=\"mediacontent__copyContainer--headline desktop-teaser-headline headline3 active\">R 1300 GS Adventure con Valigie laterali in alluminio<\/h3><div class=\"mediacontent__copyContainer--text\"><div class=\"mediacontent__copyContainer--copy\"><p>La\u00a0<strong>BMW R 1300 GS\u00a0Adventure<\/strong>\u00a0esprime la sua vocazione esplorativa attraverso una concezione del viaggio senza compromessi. Le\u00a0<strong>valigie laterali in alluminio<\/strong>\u00a0ne rafforzano il carattere, garantendo solidit\u00e0, protezione e affidabilit\u00e0 nelle lunghe percorrenze e nei contesti pi\u00f9 impegnativi.<\/p><p>Se acquisti una nuova\u00a0R 1300 GS\u00a0Adventure entro il 30\/06\/2026 hai le Valigie laterali in alluminio incluse nel prezzo.\u00a0<sup>2<\/sup><\/p><\/div><\/div>\t\t\t\t\t\t\t\t<\/div>\n\t\t\t\t<\/div>\n\t\t\t\t<div class=\"elementor-element elementor-element-00cfeb8 elementor-widget elementor-widget-text-editor\" data-id=\"00cfeb8\" data-element_type=\"widget\" data-widget_type=\"text-editor.default\">\n\t\t\t\t<div class=\"elementor-widget-container\">\n\t\t\t\t\t\t\t\t\t<section class=\"module accordion cm-accordion\"><div class=\"l-grid\"><div class=\"accordion\"><div class=\"accordion__listWrapper\"><div class=\"accordion__list\"><div class=\"accordion__content accordion__tabContent--active\" data-is-expand=\"false\"><div class=\"accordion__collapsing accordion__collapsing--active\" tabindex=\"0\" role=\"region\" aria-labelledby=\"e817d495-item-line\" aria-hidden=\"false\"><div class=\"accordion__inner accordion__inner--active\"><div class=\"accordion__contentCollection accordion__contentCollection--left\" data-mnm-media-type=\"copy\"><div class=\"accordion__copyWrapper accordion__copyWrapper--without-image\"><div class=\"accordion__copyWrapper--inner\"><div class=\"accordion__itemCopy\"><p><sup>2<\/sup> Iniziativa valida dall\u201901\/01\/2026 al 30\/06\/2026 sull\u2019acquisto di una nuova R 1300 GS Adventure con contratto registrato entro il 30\/06\/2026. L&#8217;offerta comprende le Valigie laterali in alluminio, per un vantaggio cliente di 1.545 \u20ac IVA inclusa.<\/p><\/div><\/div><\/div><\/div><\/div><\/div><\/div><\/div><\/div><\/div><\/div><\/section>\t\t\t\t\t\t\t\t<\/div>\n\t\t\t\t<\/div>\n\t\t\t\t<\/div>\n\t\t<div class=\"elementor-element elementor-element-ecd1ba0 e-con-full e-flex e-con e-child\" data-id=\"ecd1ba0\" data-element_type=\"container\">\n\t\t\t\t<div class=\"elementor-element elementor-element-cd40416 elementor-widget elementor-widget-image\" data-id=\"cd40416\" data-element_type=\"widget\" data-widget_type=\"image.default\">\n\t\t\t\t<div class=\"elementor-widget-container\">\n\t\t\t\t\t\t\t\t\t\t\t\t\t\t\t<img decoding=\"async\" width=\"548\" height=\"307\" src=\"https:\/\/sarma-motorrad.com\/wp-content\/uploads\/2026\/01\/Screenshot-2026-01-14-alle-20.18.30.png\" class=\"attachment-full size-full wp-image-2967\" alt=\"\" srcset=\"https:\/\/sarma-motorrad.com\/wp-content\/uploads\/2026\/01\/Screenshot-2026-01-14-alle-20.18.30.png 548w, https:\/\/sarma-motorrad.com\/wp-content\/uploads\/2026\/01\/Screenshot-2026-01-14-alle-20.18.30-300x168.png 300w\" sizes=\"(max-width: 548px) 100vw, 548px\" \/>\t\t\t\t\t\t\t\t\t\t\t\t\t\t\t<\/div>\n\t\t\t\t<\/div>\n\t\t\t\t<\/div>\n\t\t\t\t\t<\/div>\n\t\t\t\t<\/div>\n\t\t\t\t<\/div>\n\t\t","protected":false},"excerpt":{"rendered":"<p>Offerte R 1300 GS e R 1300 GS Adventure R 1300 GS con Valigie laterali Vario La\u00a0BMW R 1300 GS\u00a0interpreta il viaggio in modo completo e contemporaneo, con soluzioni pensate per accompagnare ogni esperienza su strada e fuori dall\u2019asfalto. Le\u00a0valigie laterali Vario\u00a0si inseriscono in questo equilibrio, offrendo una capacit\u00e0 modulabile che segue il ritmo del [&hellip;]<\/p>\n","protected":false},"author":1,"featured_media":2969,"comment_status":"open","ping_status":"open","sticky":false,"template":"","format":"standard","meta":{"footnotes":""},"categories":[13],"tags":[],"_links":{"self":[{"href":"https:\/\/sarma-motorrad.com\/index.php\/wp-json\/wp\/v2\/posts\/2962"}],"collection":[{"href":"https:\/\/sarma-motorrad.com\/index.php\/wp-json\/wp\/v2\/posts"}],"about":[{"href":"https:\/\/sarma-motorrad.com\/index.php\/wp-json\/wp\/v2\/types\/post"}],"author":[{"embeddable":true,"href":"https:\/\/sarma-motorrad.com\/index.php\/wp-json\/wp\/v2\/users\/1"}],"replies":[{"embeddable":true,"href":"https:\/\/sarma-motorrad.com\/index.php\/wp-json\/wp\/v2\/comments?post=2962"}],"version-history":[{"count":13,"href":"https:\/\/sarma-motorrad.com\/index.php\/wp-json\/wp\/v2\/posts\/2962\/revisions"}],"predecessor-version":[{"id":2978,"href":"https:\/\/sarma-motorrad.com\/index.php\/wp-json\/wp\/v2\/posts\/2962\/revisions\/2978"}],"wp:featuredmedia":[{"embeddable":true,"href":"https:\/\/sarma-motorrad.com\/index.php\/wp-json\/wp\/v2\/media\/2969"}],"wp:attachment":[{"href":"https:\/\/sarma-motorrad.com\/index.php\/wp-json\/wp\/v2\/media?parent=2962"}],"wp:term":[{"taxonomy":"category","embeddable":true,"href":"https:\/\/sarma-motorrad.com\/index.php\/wp-json\/wp\/v2\/categories?post=2962"},{"taxonomy":"post_tag","embeddable":true,"href":"https:\/\/sarma-motorrad.com\/index.php\/wp-json\/wp\/v2\/tags?post=2962"}],"curies":[{"name":"wp","href":"https:\/\/api.w.org\/{rel}","templated":true}]}}