{"id":2959,"date":"2026-01-14T20:15:57","date_gmt":"2026-01-14T19:15:57","guid":{"rendered":"https:\/\/sarma-motorrad.com\/?p=2959"},"modified":"2026-04-23T17:41:22","modified_gmt":"2026-04-23T15:41:22","slug":"black-edition","status":"publish","type":"post","link":"https:\/\/sarma-motorrad.com\/index.php\/2026\/01\/14\/black-edition\/","title":{"rendered":"Black Edition"},"content":{"rendered":"\n<p>Quattro modelli. Una sola attitudine: vivere la strada in modo autentico, essenziale, ribelle. La&nbsp;<strong>Black Edition<\/strong>&nbsp;\u00e8 pensata per chi sa cosa vuole: linee pulite ed equipaggiamento giusto per vivere la moto con libert\u00e0. Nessuna distrazione, solo ci\u00f2 che serve davvero per guidare, esplorare e sentire ogni chilometro.&nbsp;<\/p>\n\n\n\n<p>Scopri l&#8217;offerta esclusiva dedicata a&nbsp;<strong>F 900 XR<\/strong>,&nbsp;<strong>F 900 R<\/strong>,&nbsp;<strong>F 800 GS&nbsp;<\/strong>e<strong>&nbsp;F 900 GS<\/strong>&nbsp;e porta la tua esperienza di guida a un nuovo livello di performance.&nbsp;<\/p>\n\n\n\n<h3 class=\"wp-block-heading\">F 900 XR&nbsp;Black Edition<\/h3>\n\n\n\n<p>La BMW&nbsp;F 900 XR&nbsp;\u00e8 il compromesso perfetto tra sportivit\u00e0 e performance sulle lunghe distanze. Guidala anche con patente A2.<\/p>\n\n\n\n<p>Fino al 31\/12\/2026 la&nbsp;F 900 XR&nbsp;in colorazione Triple Black con Cambio elettro assistito Pro e Modalit\u00e0 di guida Pro sar\u00e0&nbsp;<strong>tua a 10.900 \u20ac<\/strong>&nbsp;(con 2.200 \u20ac di vantaggi applicati).\u00b9<\/p>\n\n\n\n<details class=\"wp-block-details is-layout-flow wp-block-details-is-layout-flow\"><summary>Note legali<\/summary>\n<p>\u00b9\u00a0Iniziativa valida dal 01\/01\/2026 al 31\/12\/2026 per contratti registrati entro il 31\/12\/2026 grazie al contributo delle Concessionarie\u00a0BMW Motorrad\u00a0aderenti. L&#8217;offerta comprende la\u00a0F 900 XR\u00a0nella colorazione Triple Black con Cambio elettro assistito Pro e Modalit\u00e0 di guida Pro con un vantaggio cliente di 2.200 \u20ac IVA e messa in strada incluse.\u00a0<\/p>\n\n\n\n<p><\/p>\n<\/details>\n\n\n\n<h3 class=\"wp-block-heading\"><a href=\"https:\/\/www.bmw-motorrad.it\/it\/experience\/esperienze-di-guida\/test-ride-now\/urban-mobility\/c-400-x.html\"><\/a><\/h3>\n\n\n\n<p><\/p>\n\n\n\n<h3 class=\"wp-block-heading\">F 900 R&nbsp;Black Edition<\/h3>\n\n\n\n<p>La BMW&nbsp;F 900 R&nbsp;\u00e8 una roadster dinamica, guidabile anche con patente A2, che ti porter\u00e0 con stile e sportivit\u00e0 fino alla tua prossima meta.<\/p>\n\n\n\n<p>Fino al 31\/12\/2026 la&nbsp;F 900 R&nbsp;in colorazione Triple Black con Cambio elettro assistito Pro e Modalit\u00e0 di guida Pro sar\u00e0<strong>&nbsp;tua a 8.750 \u20ac&nbsp;<\/strong>(con 1.750 \u20ac di vantaggi applicati).&nbsp;<sup>2<\/sup><\/p>\n\n\n\n<details class=\"wp-block-details is-layout-flow wp-block-details-is-layout-flow\"><summary>Note legali<\/summary>\n<p><sup>2<\/sup>&nbsp;Iniziativa valida dal 01\/01\/2026 al 31\/12\/2026 per contratti registrati entro il 31\/12\/2026 grazie al contributo delle Concessionarie&nbsp;BMW Motorrad&nbsp;aderenti. L&#8217;offerta comprende la&nbsp;F 900 R&nbsp;nella colorazione Triple Black con Cambio elettro assistito Pro e Modalit\u00e0 di guida Pro con un vantaggio cliente di 1.750 \u20ac IVA e messa in strada incluse.<\/p>\n\n\n\n<p><\/p>\n<\/details>\n\n\n\n<h3 class=\"wp-block-heading\"><a href=\"https:\/\/www.bmw-motorrad.it\/it\/experience\/esperienze-di-guida\/test-ride-now\/urban-mobility\/c-400-x.html\"><\/a><\/h3>\n\n\n\n<p><\/p>\n\n\n\n<h3 class=\"wp-block-heading\">F 800 GS&nbsp;Black Edition<\/h3>\n\n\n\n<p>La BMW&nbsp;F 800 GS&nbsp;\u00e8 la porta d&#8217;ingresso al mondo dell&#8217;adventure su strada, guidabile anche con patente A2 nella versione depotenziata. Sei pronto a scoprire tutta l&#8217;intensit\u00e0 che solo una GS ti pu\u00f2 offrire?<\/p>\n\n\n\n<p>Fino al 31\/12\/2026 la&nbsp;F 800 GS&nbsp;in colorazione Triple Black con Cambio elettro assistito Pro e Modalit\u00e0 di guida Pro sar\u00e0&nbsp;<strong>tua a 9.900 \u20ac<\/strong>&nbsp;(con 2.140 \u20ac di vantaggi applicati).&nbsp;<sup>3<\/sup><a href=\"https:\/\/www.bmw-motorrad.it\/it\/acquista\/richiedi-un-preventivo\/sport\/s-1000-xr.html\"><\/a><\/p>\n\n\n\n<details class=\"wp-block-details is-layout-flow wp-block-details-is-layout-flow\"><summary>Note legali<\/summary>\n<p>\u00b9&nbsp;Iniziativa valida dal 01\/01\/2026 al 31\/12\/2026 per contratti registrati entro il 31\/12\/2026 grazie al contributo delle Concessionarie&nbsp;BMW Motorrad&nbsp;aderenti. L&#8217;offerta comprende la&nbsp;F 900 XR&nbsp;nella colorazione Triple Black con Cambio elettro assistito Pro e Modalit\u00e0 di guida Pro con un vantaggio cliente di 2.200 \u20ac IVA e messa in strada incluse.&nbsp;<\/p>\n\n\n\n<p><\/p>\n<\/details>\n\n\n\n<h3 class=\"wp-block-heading\"><a href=\"https:\/\/www.bmw-motorrad.it\/it\/experience\/esperienze-di-guida\/test-ride-now\/urban-mobility\/c-400-x.html\"><\/a><\/h3>\n\n\n\n<h3 class=\"wp-block-heading\">F 900 GS&nbsp;Black Edition<\/h3>\n\n\n\n<p>La&nbsp;BMW F 900 GS&nbsp;\u00e8 moderna e versatile, ed \u00e8 pronta per offrirti il massimo equilibrio tra prestazioni e comfort. La sua ciclistica evoluta e le dotazioni di ultima generazione la rendono ideale sia per l&#8217;avventura che per l&#8217;utilizzo quotidiano.<\/p>\n\n\n\n<p>Fino al 31\/12\/2026 la&nbsp;F 900 GS&nbsp;in colorazione Black Storm Metallizzato con Pacchetto Dynamic sar\u00e0&nbsp;<strong>tua a 12.300 \u20ac&nbsp;<\/strong>(con 2.820 \u20ac di vantaggi applicati).<sup>4<\/sup><\/p>\n\n\n\n<p><a href=\"https:\/\/www.bmw-motorrad.it\/it\/acquista\/richiedi-un-preventivo\/adventure\/f-900-gs.html\"><\/a><\/p>\n\n\n\n<p><a href=\"https:\/\/www.bmw-motorrad.it\/it\/acquista\/richiedi-un-preventivo\/sport\/s-1000-xr.html\"><\/a><\/p>\n\n\n\n<details class=\"wp-block-details is-layout-flow wp-block-details-is-layout-flow\"><summary>Note legali<\/summary>\n<p><sup>4<\/sup>&nbsp;Iniziativa valida dal 01\/01\/2026 al 31\/12\/2026 per contratti registrati entro il 31\/12\/2026 grazie al contributo delle Concessionarie&nbsp;BMW Motorrad&nbsp;aderenti. L&#8217;offerta comprende la&nbsp;F 900 GS&nbsp;nella colorazione Black Storm Metallizzato con Pacchetto Dynamic. Il pacchetto include: Cambio elettro assistito Pro e Modalit\u00e0 di guida Pro per un vantaggio cliente di 2.820 \u20ac IVA e messa in strada incluse.&nbsp;<\/p>\n\n\n\n<p><\/p>\n<\/details>\n\n\n\n<h3 class=\"wp-block-heading\"><a href=\"https:\/\/www.bmw-motorrad.it\/it\/experience\/esperienze-di-guida\/test-ride-now\/urban-mobility\/c-400-x.html\"><\/a><\/h3>\n","protected":false},"excerpt":{"rendered":"<p>Quattro modelli. Una sola attitudine: vivere la strada in modo autentico, essenziale, ribelle. La&nbsp;Black Edition&nbsp;\u00e8 pensata per chi sa cosa vuole: linee pulite ed equipaggiamento giusto per vivere la moto con libert\u00e0. Nessuna distrazione, solo ci\u00f2 che serve davvero per guidare, esplorare e sentire ogni chilometro.&nbsp; Scopri l&#8217;offerta esclusiva dedicata a&nbsp;F 900 XR,&nbsp;F 900 R,&nbsp;F [&hellip;]<\/p>\n","protected":false},"author":1,"featured_media":3205,"comment_status":"open","ping_status":"open","sticky":false,"template":"","format":"standard","meta":{"footnotes":""},"categories":[13],"tags":[],"_links":{"self":[{"href":"https:\/\/sarma-motorrad.com\/index.php\/wp-json\/wp\/v2\/posts\/2959"}],"collection":[{"href":"https:\/\/sarma-motorrad.com\/index.php\/wp-json\/wp\/v2\/posts"}],"about":[{"href":"https:\/\/sarma-motorrad.com\/index.php\/wp-json\/wp\/v2\/types\/post"}],"author":[{"embeddable":true,"href":"https:\/\/sarma-motorrad.com\/index.php\/wp-json\/wp\/v2\/users\/1"}],"replies":[{"embeddable":true,"href":"https:\/\/sarma-motorrad.com\/index.php\/wp-json\/wp\/v2\/comments?post=2959"}],"version-history":[{"count":2,"href":"https:\/\/sarma-motorrad.com\/index.php\/wp-json\/wp\/v2\/posts\/2959\/revisions"}],"predecessor-version":[{"id":3206,"href":"https:\/\/sarma-motorrad.com\/index.php\/wp-json\/wp\/v2\/posts\/2959\/revisions\/3206"}],"wp:featuredmedia":[{"embeddable":true,"href":"https:\/\/sarma-motorrad.com\/index.php\/wp-json\/wp\/v2\/media\/3205"}],"wp:attachment":[{"href":"https:\/\/sarma-motorrad.com\/index.php\/wp-json\/wp\/v2\/media?parent=2959"}],"wp:term":[{"taxonomy":"category","embeddable":true,"href":"https:\/\/sarma-motorrad.com\/index.php\/wp-json\/wp\/v2\/categories?post=2959"},{"taxonomy":"post_tag","embeddable":true,"href":"https:\/\/sarma-motorrad.com\/index.php\/wp-json\/wp\/v2\/tags?post=2959"}],"curies":[{"name":"wp","href":"https:\/\/api.w.org\/{rel}","templated":true}]}}