{"id":2955,"date":"2026-01-14T20:06:14","date_gmt":"2026-01-14T19:06:14","guid":{"rendered":"https:\/\/sarma-motorrad.com\/?p=2955"},"modified":"2026-04-23T17:56:39","modified_gmt":"2026-04-23T15:56:39","slug":"f-900-gs","status":"publish","type":"post","link":"https:\/\/sarma-motorrad.com\/index.php\/2026\/01\/14\/f-900-gs\/","title":{"rendered":"F 900 GS"},"content":{"rendered":"\n<p>La\u00a0BMW F 900 GS\u00a0\u00e8 la compagna ideale per esplorazioni senza limiti, su strada e fuori. Agilit\u00e0, potenza e tecnologia all&#8217;avanguardia si uniscono per offrirti un&#8217;esperienza di guida senza compromessi. Scopri in questa pagina le offerte in corso su questo modello.<\/p>\n\n\n\n<h3 class=\"wp-block-heading\">L&#8217;avventura \u00e8 di serie<\/h3>\n\n\n\n<p>Fino al 30\/06\/2026, se acquisti una nuova&nbsp;<strong>BMW F 900 GS<\/strong>, le valigie laterali in alluminio e i supporti per valigie laterali sono inclusi<sup>1<\/sup>.<\/p>\n\n\n\n<p>Ti bastano pochi chilometri per apprezzare la differenza: pi\u00f9 spazio, pi\u00f9 libert\u00e0 di carico, pi\u00f9 voglia di allungare il percorso. Un vantaggio pensato per chi considera ogni viaggio un\u2019occasione per andare oltre l\u2019orizzonte.<\/p>\n\n\n\n<p><a href=\"https:\/\/www.bmw-motorrad.it\/it\/acquista\/richiedi-un-preventivo\/sport\/s-1000-xr.html\"><\/a><\/p>\n\n\n\n<details class=\"wp-block-details is-layout-flow wp-block-details-is-layout-flow\"><summary>Note legali<\/summary>\n<p><sup>1<\/sup>\u00a0Iniziativa valida dall\u201901\/04\/2026 al 30\/06\/2026 sull\u2019acquisto di una nuova\u00a0F 900 GS\u00a0ad esclusione della versione Black Edition, con contratto registrato entro il 30\/06\/2026 presso le Concessionarie\u00a0BMW Motorrad\u00a0aderenti. L&#8217;offerta comprende le Valigie laterali in alluminio e i Supporti per valigie laterali, per un vantaggio cliente di 1.610 \u20ac IVA inclusa. L&#8217;offerta non \u00e8 cumulabile con altre iniziative in corso.<\/p>\n\n\n\n<p><sub>Prezzi raccomandati dal produttore (Iva al 22%, costi di consegna e primo tagliando inclusi). La Concessionaria&nbsp;BMW Motorrad&nbsp;resta libera di praticare il prezzo al pubblico ritenuto opportuno.<\/sub><\/p>\n\n\n\n<p><\/p>\n<\/details>\n\n\n\n<h3 class=\"wp-block-heading\"><a href=\"https:\/\/www.bmw-motorrad.it\/it\/experience\/esperienze-di-guida\/test-ride-now\/urban-mobility\/c-400-x.html\"><\/a><\/h3>\n","protected":false},"excerpt":{"rendered":"<p>La\u00a0BMW F 900 GS\u00a0\u00e8 la compagna ideale per esplorazioni senza limiti, su strada e fuori. Agilit\u00e0, potenza e tecnologia all&#8217;avanguardia si uniscono per offrirti un&#8217;esperienza di guida senza compromessi. Scopri in questa pagina le offerte in corso su questo modello. L&#8217;avventura \u00e8 di serie Fino al 30\/06\/2026, se acquisti una nuova&nbsp;BMW F 900 GS, le [&hellip;]<\/p>\n","protected":false},"author":1,"featured_media":3221,"comment_status":"open","ping_status":"open","sticky":false,"template":"","format":"standard","meta":{"footnotes":""},"categories":[13],"tags":[],"_links":{"self":[{"href":"https:\/\/sarma-motorrad.com\/index.php\/wp-json\/wp\/v2\/posts\/2955"}],"collection":[{"href":"https:\/\/sarma-motorrad.com\/index.php\/wp-json\/wp\/v2\/posts"}],"about":[{"href":"https:\/\/sarma-motorrad.com\/index.php\/wp-json\/wp\/v2\/types\/post"}],"author":[{"embeddable":true,"href":"https:\/\/sarma-motorrad.com\/index.php\/wp-json\/wp\/v2\/users\/1"}],"replies":[{"embeddable":true,"href":"https:\/\/sarma-motorrad.com\/index.php\/wp-json\/wp\/v2\/comments?post=2955"}],"version-history":[{"count":4,"href":"https:\/\/sarma-motorrad.com\/index.php\/wp-json\/wp\/v2\/posts\/2955\/revisions"}],"predecessor-version":[{"id":3220,"href":"https:\/\/sarma-motorrad.com\/index.php\/wp-json\/wp\/v2\/posts\/2955\/revisions\/3220"}],"wp:featuredmedia":[{"embeddable":true,"href":"https:\/\/sarma-motorrad.com\/index.php\/wp-json\/wp\/v2\/media\/3221"}],"wp:attachment":[{"href":"https:\/\/sarma-motorrad.com\/index.php\/wp-json\/wp\/v2\/media?parent=2955"}],"wp:term":[{"taxonomy":"category","embeddable":true,"href":"https:\/\/sarma-motorrad.com\/index.php\/wp-json\/wp\/v2\/categories?post=2955"},{"taxonomy":"post_tag","embeddable":true,"href":"https:\/\/sarma-motorrad.com\/index.php\/wp-json\/wp\/v2\/tags?post=2955"}],"curies":[{"name":"wp","href":"https:\/\/api.w.org\/{rel}","templated":true}]}}