{"id":1705,"date":"2025-03-03T17:10:38","date_gmt":"2025-03-03T16:10:38","guid":{"rendered":"https:\/\/sarma-motorrad.com\/?p=1705"},"modified":"2025-04-07T18:42:55","modified_gmt":"2025-04-07T16:42:55","slug":"start-of-season-bmw-motorrad-2025","status":"publish","type":"post","link":"https:\/\/sarma-motorrad.com\/index.php\/2025\/03\/03\/start-of-season-bmw-motorrad-2025\/","title":{"rendered":"Start of Season BMW Motorrad 2025"},"content":{"rendered":"\n<h3 class=\"wp-block-heading\" id=\"3caa8cb5\">Ascolta il richiamo.<\/h3>\n\n\n\n<p>C\u2019\u00e8 uno spirito che si risveglia dentro di noi. Non \u00e8 solo voglia di partire. \u00c8 qualcosa di pi\u00f9 profondo, che accomuna ogni motociclista. \u00c8 un impulso che cresce giorno dopo giorno, negli occhi che scrutano l\u2019orizzonte, nelle mani che cercano il manubrio, nel battito che accelera.<\/p>\n\n\n\n<p>Non \u00e8 solo il richiamo di una nuova stagione.<\/p>\n\n\n\n<p>\u00c8 il richiamo di ci\u00f2 che siamo. E ora, dopo una lunga attesa, \u00e8 ora di rispondere:<strong>&nbsp;ci vediamo l\u20198 e il 9 marzo in Concessionaria per la Start of Season.<\/strong><\/p>\n\n\n\n<h3 class=\"wp-block-heading\" id=\"3caa8cb5\">\u00c8 il momento di rimettersi in sella<\/h3>\n\n\n\n<p>Vieni a scoprire tutta la gamma&nbsp;BMW Motorrad&nbsp;nella nostra Sede durante l&#8217;<strong>open weekend del 8 e 9 marzo<\/strong>&nbsp;e&nbsp;<strong>prenota subito il tuo test ride<\/strong>.<\/p>\n\n\n\n<p><strong><a href=\"https:\/\/sarma-motorrad.com\/index.php\/testridenow\/\" data-type=\"page\" data-id=\"1358\">Clicca qui<\/a><\/strong> per richiedere il Test Ride.<\/p>\n\n\n\n<p>Per contratti di moto in pronta consegna stipulati in occasione del week end Start of Season, per te un <strong>voucher del valore di \u20ac300<\/strong> spendibile per all&#8217;acquisto di abbigliamento e caschi disponibili in showroom!<\/p>\n","protected":false},"excerpt":{"rendered":"<p>Ascolta il richiamo. C\u2019\u00e8 uno spirito che si risveglia dentro di noi. Non \u00e8 solo voglia di partire. \u00c8 qualcosa di pi\u00f9 profondo, che accomuna ogni motociclista. \u00c8 un impulso che cresce giorno dopo giorno, negli occhi che scrutano l\u2019orizzonte, nelle mani che cercano il manubrio, nel battito che accelera. Non \u00e8 solo il richiamo [&hellip;]<\/p>\n","protected":false},"author":1,"featured_media":1706,"comment_status":"open","ping_status":"open","sticky":false,"template":"","format":"standard","meta":{"footnotes":""},"categories":[14],"tags":[27],"_links":{"self":[{"href":"https:\/\/sarma-motorrad.com\/index.php\/wp-json\/wp\/v2\/posts\/1705"}],"collection":[{"href":"https:\/\/sarma-motorrad.com\/index.php\/wp-json\/wp\/v2\/posts"}],"about":[{"href":"https:\/\/sarma-motorrad.com\/index.php\/wp-json\/wp\/v2\/types\/post"}],"author":[{"embeddable":true,"href":"https:\/\/sarma-motorrad.com\/index.php\/wp-json\/wp\/v2\/users\/1"}],"replies":[{"embeddable":true,"href":"https:\/\/sarma-motorrad.com\/index.php\/wp-json\/wp\/v2\/comments?post=1705"}],"version-history":[{"count":4,"href":"https:\/\/sarma-motorrad.com\/index.php\/wp-json\/wp\/v2\/posts\/1705\/revisions"}],"predecessor-version":[{"id":1714,"href":"https:\/\/sarma-motorrad.com\/index.php\/wp-json\/wp\/v2\/posts\/1705\/revisions\/1714"}],"wp:featuredmedia":[{"embeddable":true,"href":"https:\/\/sarma-motorrad.com\/index.php\/wp-json\/wp\/v2\/media\/1706"}],"wp:attachment":[{"href":"https:\/\/sarma-motorrad.com\/index.php\/wp-json\/wp\/v2\/media?parent=1705"}],"wp:term":[{"taxonomy":"category","embeddable":true,"href":"https:\/\/sarma-motorrad.com\/index.php\/wp-json\/wp\/v2\/categories?post=1705"},{"taxonomy":"post_tag","embeddable":true,"href":"https:\/\/sarma-motorrad.com\/index.php\/wp-json\/wp\/v2\/tags?post=1705"}],"curies":[{"name":"wp","href":"https:\/\/api.w.org\/{rel}","templated":true}]}}