{"id":1682,"date":"2025-01-16T18:57:24","date_gmt":"2025-01-16T17:57:24","guid":{"rendered":"https:\/\/sarma-motorrad.com\/?p=1682"},"modified":"2025-04-09T10:15:12","modified_gmt":"2025-04-09T08:15:12","slug":"campagna-usato-bmw-timeless","status":"publish","type":"post","link":"https:\/\/sarma-motorrad.com\/index.php\/2025\/01\/16\/campagna-usato-bmw-timeless\/","title":{"rendered":"Campagna Usato &#8211; BMW TIMELESS"},"content":{"rendered":"\n<p>Una BMW che ha percorso dei km \u00e8 una moto che ha gi\u00e0 vissuto delle avventure, con una storia da raccontare. Ogni BMW ha viaggiato, visto paesaggi e superato sfide ed \u00e8 pronta a farlo ancora con te.<\/p>\n\n\n\n<p>E se il valore di una moto \u00e8 proprio la sua storia, noi di&nbsp;BMW Motorrad&nbsp;abbiamo il compito di garantirlo nel tempo.<\/p>\n\n\n\n<p>Scopri le moto BMW usate selezionate con vantaggi esclusivi:<\/p>\n\n\n\n<ul>\n<li>Passaggio di propriet\u00e0 in omaggio<\/li>\n\n\n\n<li>Pacchetto Oil Inclusive in omaggio<\/li>\n\n\n\n<li>Finanziamento TAN 4,99%<\/li>\n<\/ul>\n\n\n\n<p>Contattaci per scoprirne di pi\u00f9 oppure visita la nostra selezione di usato nel <a href=\"https:\/\/sarma-motorrad.com\/index.php\/usato\/\" data-type=\"page\" data-id=\"934\">Parco Moto<\/a>!<\/p>\n","protected":false},"excerpt":{"rendered":"<p>Una BMW che ha percorso dei km \u00e8 una moto che ha gi\u00e0 vissuto delle avventure, con una storia da raccontare. Ogni BMW ha viaggiato, visto paesaggi e superato sfide ed \u00e8 pronta a farlo ancora con te. E se il valore di una moto \u00e8 proprio la sua storia, noi di&nbsp;BMW Motorrad&nbsp;abbiamo il compito [&hellip;]<\/p>\n","protected":false},"author":1,"featured_media":534,"comment_status":"open","ping_status":"open","sticky":false,"template":"","format":"standard","meta":{"footnotes":""},"categories":[13],"tags":[27],"_links":{"self":[{"href":"https:\/\/sarma-motorrad.com\/index.php\/wp-json\/wp\/v2\/posts\/1682"}],"collection":[{"href":"https:\/\/sarma-motorrad.com\/index.php\/wp-json\/wp\/v2\/posts"}],"about":[{"href":"https:\/\/sarma-motorrad.com\/index.php\/wp-json\/wp\/v2\/types\/post"}],"author":[{"embeddable":true,"href":"https:\/\/sarma-motorrad.com\/index.php\/wp-json\/wp\/v2\/users\/1"}],"replies":[{"embeddable":true,"href":"https:\/\/sarma-motorrad.com\/index.php\/wp-json\/wp\/v2\/comments?post=1682"}],"version-history":[{"count":1,"href":"https:\/\/sarma-motorrad.com\/index.php\/wp-json\/wp\/v2\/posts\/1682\/revisions"}],"predecessor-version":[{"id":1683,"href":"https:\/\/sarma-motorrad.com\/index.php\/wp-json\/wp\/v2\/posts\/1682\/revisions\/1683"}],"wp:featuredmedia":[{"embeddable":true,"href":"https:\/\/sarma-motorrad.com\/index.php\/wp-json\/wp\/v2\/media\/534"}],"wp:attachment":[{"href":"https:\/\/sarma-motorrad.com\/index.php\/wp-json\/wp\/v2\/media?parent=1682"}],"wp:term":[{"taxonomy":"category","embeddable":true,"href":"https:\/\/sarma-motorrad.com\/index.php\/wp-json\/wp\/v2\/categories?post=1682"},{"taxonomy":"post_tag","embeddable":true,"href":"https:\/\/sarma-motorrad.com\/index.php\/wp-json\/wp\/v2\/tags?post=1682"}],"curies":[{"name":"wp","href":"https:\/\/api.w.org\/{rel}","templated":true}]}}